[{"@context":"https:\/\/schema.org\/","@type":"Article","@id":"https:\/\/www.radian.cz\/krasny-darek-k-narozeninam\/#Article","mainEntityOfPage":"https:\/\/www.radian.cz\/krasny-darek-k-narozeninam\/","headline":"Kr\u00e1sn\u00fd d\u00e1rek k narozenin\u00e1m","name":"Kr\u00e1sn\u00fd d\u00e1rek k narozenin\u00e1m","description":"P\u0159em\u00fd\u0161l\u00edte, \u010d\u00edm byste Va\u0161emu d\u00edt\u011bti ud\u011blali nejv\u011bt\u0161\u00ed radost? Co takhle mal\u00fd, ale vkusn\u00fd \u0161perk? Chlape\u010dci budou m\u00edt radost z n\u00e1ramku, pop\u0159\u00edpad\u011b z \u0159et\u00edzku na krk. Hol\u010di\u010dk\u00e1m zase rozz\u00e1\u0159\u00edte o\u010di d\u011btsk\u00fdmi n\u00e1u\u0161nicemi. Prod\u00e1v\u00e1me pouze kvalitn\u00ed v\u00fdrobky, na jejich zhotoven\u00ed se pod\u00edleli ti nejlep\u0161\u00ed zlatn\u00edci z cel\u00e9 republiky. Na\u0161e \u0161perky se hod\u00ed jako d\u00e1rek k r\u016fzn\u00fdm v\u00fdro\u010d\u00edm, [&hellip;]","datePublished":"2025-08-25","dateModified":"2025-08-25","author":{"@type":"Person","@id":"https:\/\/www.radian.cz\/author\/#Person","name":"","url":"https:\/\/www.radian.cz\/author\/","identifier":1,"image":{"@type":"ImageObject","@id":"https:\/\/secure.gravatar.com\/avatar\/93869824c8aa580f0d16049ad31e69846ffc925e0cbb2826cc9554f53943da69?s=96&d=mm&r=g","url":"https:\/\/secure.gravatar.com\/avatar\/93869824c8aa580f0d16049ad31e69846ffc925e0cbb2826cc9554f53943da69?s=96&d=mm&r=g","height":96,"width":96}},"publisher":{"@type":"Organization","name":"radian.cz","logo":{"@type":"ImageObject","@id":"\/logo.png","url":"\/logo.png","width":600,"height":60}},"url":"https:\/\/www.radian.cz\/krasny-darek-k-narozeninam\/","wordCount":181,"articleBody":"P\u0159em\u00fd\u0161l\u00edte, \u010d\u00edm byste Va\u0161emu d\u00edt\u011bti ud\u011blali nejv\u011bt\u0161\u00ed radost? Co takhle mal\u00fd, ale vkusn\u00fd \u0161perk? Chlape\u010dci budou m\u00edt radost z n\u00e1ramku, pop\u0159\u00edpad\u011b z \u0159et\u00edzku na krk. Hol\u010di\u010dk\u00e1m zase rozz\u00e1\u0159\u00edte o\u010di d\u011btsk\u00fdmi n\u00e1u\u0161nicemi. Prod\u00e1v\u00e1me pouze kvalitn\u00ed v\u00fdrobky, na jejich zhotoven\u00ed se pod\u00edleli ti nejlep\u0161\u00ed zlatn\u00edci z cel\u00e9 republiky. Na\u0161e \u0161perky se hod\u00ed jako d\u00e1rek k r\u016fzn\u00fdm v\u00fdro\u010d\u00edm, nap\u0159\u00edklad k narozenin\u00e1m, ale radost sv\u00fdm mal\u00fdm m\u016f\u017eete ud\u011blat tak\u0159ka kdykoliv. Ve\u0161ker\u00e9 zbo\u017e\u00ed je na sklad\u011b A\u0165 si ji\u017e u n\u00e1\u0161 vyberete n\u00e1u\u0161nice \u010di jin\u00fd \u0161perk, m\u016f\u017eete si b\u00fdt jistit t\u00edm, \u017ee V\u00e1m zbo\u017e\u00ed dom\u016f dojde rychle a v naprost\u00e9m po\u0159\u00e1dku. Ve\u0161ker\u00e9 vystaven\u00e9 kusy na na\u0161ich internetov\u00fdch str\u00e1nk\u00e1ch jsou i skladem, co\u017e znamen\u00e1, \u017ee v p\u0159\u00edpad\u011b objedn\u00e1vky okam\u017eit\u011b obratem \u0161perky zas\u00edl\u00e1me. A to bezpe\u010dnostn\u00ed z\u00e1silkou.                                                                                                                                                                                                                                                                                                                                                                                                "},{"@context":"https:\/\/schema.org\/","@type":"BreadcrumbList","itemListElement":[{"@type":"ListItem","position":1,"name":"Kr\u00e1sn\u00fd d\u00e1rek k narozenin\u00e1m","item":"https:\/\/www.radian.cz\/krasny-darek-k-narozeninam\/#breadcrumbitem"}]}]